{"id":5294,"date":"2025-05-27T10:12:02","date_gmt":"2025-05-27T10:12:02","guid":{"rendered":"https:\/\/arriolafiol.com\/conferencies-de-fiol-al-festival-de-disseny-conceptual-superecologic\/"},"modified":"2025-10-07T12:17:15","modified_gmt":"2025-10-07T12:17:15","slug":"conferencies-de-fiol-al-festival-de-disseny-conceptual-superecologic","status":"publish","type":"noticias","link":"https:\/\/arriolafiol.com\/ca\/noticias\/conferencies-de-fiol-al-festival-de-disseny-conceptual-superecologic\/","title":{"rendered":"Confer\u00e8ncies de Fiol al Festival de Disseny Conceptual Superecologic!"},"content":{"rendered":"\n<p>El <strong>26 d&#8217;octubre de 2022,<\/strong> l&#8217;arquitecta <strong>Carmen Fiol Costa<\/strong> assistir\u00e0 al <strong>Concept Design Festival<\/strong> de Cosenza a <strong>la Galeria Nacional del Palazzo Arone a les 17:00.<\/strong><\/p>\n\n<p>El festival \u00e9s una iniciativa cultural i de recerca de la Societat Cient\u00edfica Riagita en col\u00b7laboraci\u00f3 amb organitzacions, institucions i empreses de diversos sectors en suport de l&#8217;Acad\u00e8mia mee.D. Comissariat pels arquitectes: <strong>Pino Scaglione<\/strong> , <strong>Rosanna Algieri<\/strong> i <strong>Domenico De Rito<\/strong> amb la participaci\u00f3 de <strong>Maria Pia Funaro, tinent d&#8217;alcalde de Cosenza, Pina Incarnato, regidora de Cosenza-Rende, i Giovanni Greco, alcalde de Castrolibero.<\/strong> <\/p>\n","protected":false},"excerpt":{"rendered":"<p>El 26 d&#8217;octubre de 2022, l&#8217;arquitecta Carmen Fiol Costa assistir\u00e0 al Concept Design Festival de Cosenza a la Galeria Nacional del Palazzo Arone a les 17:00. El festival \u00e9s una iniciativa cultural i de recerca de la Societat Cient\u00edfica Riagita en col\u00b7laboraci\u00f3 amb organitzacions, institucions i empreses de diversos sectors en suport de l&#8217;Acad\u00e8mia mee.D. [&hellip;]<\/p>\n","protected":false},"featured_media":4583,"template":"","meta":{"_acf_changed":false},"categories":[44],"class_list":["post-5294","noticias","type-noticias","status-publish","has-post-thumbnail","hentry","category-noticies"],"acf":[],"yoast_head":"<!-- This site is optimized with the Yoast SEO plugin v27.3 - https:\/\/yoast.com\/product\/yoast-seo-wordpress\/ -->\n<title>Confer\u00e8ncies de Fiol al Festival de Disseny Conceptual Superecologic! - Arriola &amp; Fiol<\/title>\n<meta name=\"robots\" content=\"index, follow, max-snippet:-1, max-image-preview:large, max-video-preview:-1\" \/>\n<link rel=\"canonical\" href=\"https:\/\/arriolafiol.com\/ca\/noticias\/conferencies-de-fiol-al-festival-de-disseny-conceptual-superecologic\/\" \/>\n<meta property=\"og:locale\" content=\"ca_ES\" \/>\n<meta property=\"og:type\" content=\"article\" \/>\n<meta property=\"og:title\" content=\"Confer\u00e8ncies de Fiol al Festival de Disseny Conceptual Superecologic! - Arriola &amp; Fiol\" \/>\n<meta property=\"og:description\" content=\"El 26 d&#8217;octubre de 2022, l&#8217;arquitecta Carmen Fiol Costa assistir\u00e0 al Concept Design Festival de Cosenza a la Galeria Nacional del Palazzo Arone a les 17:00. El festival \u00e9s una iniciativa cultural i de recerca de la Societat Cient\u00edfica Riagita en col\u00b7laboraci\u00f3 amb organitzacions, institucions i empreses de diversos sectors en suport de l&#8217;Acad\u00e8mia mee.D. [&hellip;]\" \/>\n<meta property=\"og:url\" content=\"https:\/\/arriolafiol.com\/ca\/noticias\/conferencies-de-fiol-al-festival-de-disseny-conceptual-superecologic\/\" \/>\n<meta property=\"og:site_name\" content=\"Arriola &amp; Fiol\" \/>\n<meta property=\"article:modified_time\" content=\"2025-10-07T12:17:15+00:00\" \/>\n<meta property=\"og:image\" content=\"https:\/\/arriolafiol.com\/wp-content\/uploads\/2025\/05\/concept_design_festival-e1665658101442-1100x1190-1.png\" \/>\n\t<meta property=\"og:image:width\" content=\"1100\" \/>\n\t<meta property=\"og:image:height\" content=\"1190\" \/>\n\t<meta property=\"og:image:type\" content=\"image\/png\" \/>\n<meta name=\"twitter:card\" content=\"summary_large_image\" \/>\n<script type=\"application\/ld+json\" class=\"yoast-schema-graph\">{\"@context\":\"https:\\\/\\\/schema.org\",\"@graph\":[{\"@type\":\"WebPage\",\"@id\":\"https:\\\/\\\/arriolafiol.com\\\/ca\\\/noticias\\\/conferencies-de-fiol-al-festival-de-disseny-conceptual-superecologic\\\/\",\"url\":\"https:\\\/\\\/arriolafiol.com\\\/ca\\\/noticias\\\/conferencies-de-fiol-al-festival-de-disseny-conceptual-superecologic\\\/\",\"name\":\"Confer\u00e8ncies de Fiol al Festival de Disseny Conceptual Superecologic! - Arriola &amp; Fiol\",\"isPartOf\":{\"@id\":\"https:\\\/\\\/arriolafiol.com\\\/ca\\\/#website\"},\"primaryImageOfPage\":{\"@id\":\"https:\\\/\\\/arriolafiol.com\\\/ca\\\/noticias\\\/conferencies-de-fiol-al-festival-de-disseny-conceptual-superecologic\\\/#primaryimage\"},\"image\":{\"@id\":\"https:\\\/\\\/arriolafiol.com\\\/ca\\\/noticias\\\/conferencies-de-fiol-al-festival-de-disseny-conceptual-superecologic\\\/#primaryimage\"},\"thumbnailUrl\":\"https:\\\/\\\/arriolafiol.com\\\/wp-content\\\/uploads\\\/2025\\\/05\\\/concept_design_festival-e1665658101442-1100x1190-1.png\",\"datePublished\":\"2025-05-27T10:12:02+00:00\",\"dateModified\":\"2025-10-07T12:17:15+00:00\",\"breadcrumb\":{\"@id\":\"https:\\\/\\\/arriolafiol.com\\\/ca\\\/noticias\\\/conferencies-de-fiol-al-festival-de-disseny-conceptual-superecologic\\\/#breadcrumb\"},\"inLanguage\":\"ca\",\"potentialAction\":[{\"@type\":\"ReadAction\",\"target\":[\"https:\\\/\\\/arriolafiol.com\\\/ca\\\/noticias\\\/conferencies-de-fiol-al-festival-de-disseny-conceptual-superecologic\\\/\"]}]},{\"@type\":\"ImageObject\",\"inLanguage\":\"ca\",\"@id\":\"https:\\\/\\\/arriolafiol.com\\\/ca\\\/noticias\\\/conferencies-de-fiol-al-festival-de-disseny-conceptual-superecologic\\\/#primaryimage\",\"url\":\"https:\\\/\\\/arriolafiol.com\\\/wp-content\\\/uploads\\\/2025\\\/05\\\/concept_design_festival-e1665658101442-1100x1190-1.png\",\"contentUrl\":\"https:\\\/\\\/arriolafiol.com\\\/wp-content\\\/uploads\\\/2025\\\/05\\\/concept_design_festival-e1665658101442-1100x1190-1.png\",\"width\":1100,\"height\":1190},{\"@type\":\"BreadcrumbList\",\"@id\":\"https:\\\/\\\/arriolafiol.com\\\/ca\\\/noticias\\\/conferencies-de-fiol-al-festival-de-disseny-conceptual-superecologic\\\/#breadcrumb\",\"itemListElement\":[{\"@type\":\"ListItem\",\"position\":1,\"name\":\"Home\",\"item\":\"https:\\\/\\\/arriolafiol.com\\\/ca\\\/inici\\\/\"},{\"@type\":\"ListItem\",\"position\":2,\"name\":\"Confer\u00e8ncies de Fiol al Festival de Disseny Conceptual Superecologic!\"}]},{\"@type\":\"WebSite\",\"@id\":\"https:\\\/\\\/arriolafiol.com\\\/ca\\\/#website\",\"url\":\"https:\\\/\\\/arriolafiol.com\\\/ca\\\/\",\"name\":\"Arriola &amp; Fiol\",\"description\":\"\",\"potentialAction\":[{\"@type\":\"SearchAction\",\"target\":{\"@type\":\"EntryPoint\",\"urlTemplate\":\"https:\\\/\\\/arriolafiol.com\\\/ca\\\/?s={search_term_string}\"},\"query-input\":{\"@type\":\"PropertyValueSpecification\",\"valueRequired\":true,\"valueName\":\"search_term_string\"}}],\"inLanguage\":\"ca\"}]}<\/script>\n<!-- \/ Yoast SEO plugin. -->","yoast_head_json":{"title":"Confer\u00e8ncies de Fiol al Festival de Disseny Conceptual Superecologic! - Arriola &amp; Fiol","robots":{"index":"index","follow":"follow","max-snippet":"max-snippet:-1","max-image-preview":"max-image-preview:large","max-video-preview":"max-video-preview:-1"},"canonical":"https:\/\/arriolafiol.com\/ca\/noticias\/conferencies-de-fiol-al-festival-de-disseny-conceptual-superecologic\/","og_locale":"ca_ES","og_type":"article","og_title":"Confer\u00e8ncies de Fiol al Festival de Disseny Conceptual Superecologic! - Arriola &amp; Fiol","og_description":"El 26 d&#8217;octubre de 2022, l&#8217;arquitecta Carmen Fiol Costa assistir\u00e0 al Concept Design Festival de Cosenza a la Galeria Nacional del Palazzo Arone a les 17:00. El festival \u00e9s una iniciativa cultural i de recerca de la Societat Cient\u00edfica Riagita en col\u00b7laboraci\u00f3 amb organitzacions, institucions i empreses de diversos sectors en suport de l&#8217;Acad\u00e8mia mee.D. [&hellip;]","og_url":"https:\/\/arriolafiol.com\/ca\/noticias\/conferencies-de-fiol-al-festival-de-disseny-conceptual-superecologic\/","og_site_name":"Arriola &amp; Fiol","article_modified_time":"2025-10-07T12:17:15+00:00","og_image":[{"width":1100,"height":1190,"url":"https:\/\/arriolafiol.com\/wp-content\/uploads\/2025\/05\/concept_design_festival-e1665658101442-1100x1190-1.png","type":"image\/png"}],"twitter_card":"summary_large_image","schema":{"@context":"https:\/\/schema.org","@graph":[{"@type":"WebPage","@id":"https:\/\/arriolafiol.com\/ca\/noticias\/conferencies-de-fiol-al-festival-de-disseny-conceptual-superecologic\/","url":"https:\/\/arriolafiol.com\/ca\/noticias\/conferencies-de-fiol-al-festival-de-disseny-conceptual-superecologic\/","name":"Confer\u00e8ncies de Fiol al Festival de Disseny Conceptual Superecologic! - Arriola &amp; Fiol","isPartOf":{"@id":"https:\/\/arriolafiol.com\/ca\/#website"},"primaryImageOfPage":{"@id":"https:\/\/arriolafiol.com\/ca\/noticias\/conferencies-de-fiol-al-festival-de-disseny-conceptual-superecologic\/#primaryimage"},"image":{"@id":"https:\/\/arriolafiol.com\/ca\/noticias\/conferencies-de-fiol-al-festival-de-disseny-conceptual-superecologic\/#primaryimage"},"thumbnailUrl":"https:\/\/arriolafiol.com\/wp-content\/uploads\/2025\/05\/concept_design_festival-e1665658101442-1100x1190-1.png","datePublished":"2025-05-27T10:12:02+00:00","dateModified":"2025-10-07T12:17:15+00:00","breadcrumb":{"@id":"https:\/\/arriolafiol.com\/ca\/noticias\/conferencies-de-fiol-al-festival-de-disseny-conceptual-superecologic\/#breadcrumb"},"inLanguage":"ca","potentialAction":[{"@type":"ReadAction","target":["https:\/\/arriolafiol.com\/ca\/noticias\/conferencies-de-fiol-al-festival-de-disseny-conceptual-superecologic\/"]}]},{"@type":"ImageObject","inLanguage":"ca","@id":"https:\/\/arriolafiol.com\/ca\/noticias\/conferencies-de-fiol-al-festival-de-disseny-conceptual-superecologic\/#primaryimage","url":"https:\/\/arriolafiol.com\/wp-content\/uploads\/2025\/05\/concept_design_festival-e1665658101442-1100x1190-1.png","contentUrl":"https:\/\/arriolafiol.com\/wp-content\/uploads\/2025\/05\/concept_design_festival-e1665658101442-1100x1190-1.png","width":1100,"height":1190},{"@type":"BreadcrumbList","@id":"https:\/\/arriolafiol.com\/ca\/noticias\/conferencies-de-fiol-al-festival-de-disseny-conceptual-superecologic\/#breadcrumb","itemListElement":[{"@type":"ListItem","position":1,"name":"Home","item":"https:\/\/arriolafiol.com\/ca\/inici\/"},{"@type":"ListItem","position":2,"name":"Confer\u00e8ncies de Fiol al Festival de Disseny Conceptual Superecologic!"}]},{"@type":"WebSite","@id":"https:\/\/arriolafiol.com\/ca\/#website","url":"https:\/\/arriolafiol.com\/ca\/","name":"Arriola &amp; Fiol","description":"","potentialAction":[{"@type":"SearchAction","target":{"@type":"EntryPoint","urlTemplate":"https:\/\/arriolafiol.com\/ca\/?s={search_term_string}"},"query-input":{"@type":"PropertyValueSpecification","valueRequired":true,"valueName":"search_term_string"}}],"inLanguage":"ca"}]}},"_links":{"self":[{"href":"https:\/\/arriolafiol.com\/ca\/wp-json\/wp\/v2\/noticias\/5294","targetHints":{"allow":["GET"]}}],"collection":[{"href":"https:\/\/arriolafiol.com\/ca\/wp-json\/wp\/v2\/noticias"}],"about":[{"href":"https:\/\/arriolafiol.com\/ca\/wp-json\/wp\/v2\/types\/noticias"}],"wp:featuredmedia":[{"embeddable":true,"href":"https:\/\/arriolafiol.com\/ca\/wp-json\/wp\/v2\/media\/4583"}],"wp:attachment":[{"href":"https:\/\/arriolafiol.com\/ca\/wp-json\/wp\/v2\/media?parent=5294"}],"wp:term":[{"taxonomy":"category","embeddable":true,"href":"https:\/\/arriolafiol.com\/ca\/wp-json\/wp\/v2\/categories?post=5294"}],"curies":[{"name":"wp","href":"https:\/\/api.w.org\/{rel}","templated":true}]}}