{"id":5296,"date":"2025-05-27T10:13:31","date_gmt":"2025-05-27T10:13:31","guid":{"rendered":"https:\/\/arriolafiol.com\/conferencia-sobre-la-periferia-urbana-barcelona-paisatge-cubista\/"},"modified":"2025-10-07T12:17:15","modified_gmt":"2025-10-07T12:17:15","slug":"conferencia-sobre-la-periferia-urbana-barcelona-paisatge-cubista","status":"publish","type":"noticias","link":"https:\/\/arriolafiol.com\/ca\/noticias\/conferencia-sobre-la-periferia-urbana-barcelona-paisatge-cubista\/","title":{"rendered":"Confer\u00e8ncia sobre la perif\u00e8ria urbana: Barcelona, paisatge cubista"},"content":{"rendered":"\n<p>Carmen Fiol oferir\u00e0 una confer\u00e8ncia sobre el paisatge metropolit\u00e0 de Barcelona al Museu d&#8217;Hist\u00f2ria de Barcelona el 2 d&#8217;octubre.<\/p>\n","protected":false},"excerpt":{"rendered":"<p>Carmen Fiol oferir\u00e0 una confer\u00e8ncia sobre el paisatge metropolit\u00e0 de Barcelona al Museu d&#8217;Hist\u00f2ria de Barcelona el 2 d&#8217;octubre.<\/p>\n","protected":false},"featured_media":4584,"template":"","meta":{"_acf_changed":false},"categories":[44],"class_list":["post-5296","noticias","type-noticias","status-publish","has-post-thumbnail","hentry","category-noticies"],"acf":[],"yoast_head":"<!-- This site is optimized with the Yoast SEO plugin v27.3 - https:\/\/yoast.com\/product\/yoast-seo-wordpress\/ -->\n<title>Confer\u00e8ncia sobre la perif\u00e8ria urbana: Barcelona, paisatge cubista - Arriola &amp; Fiol<\/title>\n<meta name=\"robots\" content=\"index, follow, max-snippet:-1, max-image-preview:large, max-video-preview:-1\" \/>\n<link rel=\"canonical\" href=\"https:\/\/arriolafiol.com\/ca\/noticias\/conferencia-sobre-la-periferia-urbana-barcelona-paisatge-cubista\/\" \/>\n<meta property=\"og:locale\" content=\"ca_ES\" \/>\n<meta property=\"og:type\" content=\"article\" \/>\n<meta property=\"og:title\" content=\"Confer\u00e8ncia sobre la perif\u00e8ria urbana: Barcelona, paisatge cubista - Arriola &amp; Fiol\" \/>\n<meta property=\"og:description\" content=\"Carmen Fiol oferir\u00e0 una confer\u00e8ncia sobre el paisatge metropolit\u00e0 de Barcelona al Museu d&#8217;Hist\u00f2ria de Barcelona el 2 d&#8217;octubre.\" \/>\n<meta property=\"og:url\" content=\"https:\/\/arriolafiol.com\/ca\/noticias\/conferencia-sobre-la-periferia-urbana-barcelona-paisatge-cubista\/\" \/>\n<meta property=\"og:site_name\" content=\"Arriola &amp; Fiol\" \/>\n<meta property=\"article:modified_time\" content=\"2025-10-07T12:17:15+00:00\" \/>\n<meta property=\"og:image\" content=\"https:\/\/arriolafiol.com\/wp-content\/uploads\/2025\/05\/MUHBA-Newsletter-dialeg-BP_bcnperiferia-1100x1111-2.jpg\" \/>\n\t<meta property=\"og:image:width\" content=\"1100\" \/>\n\t<meta property=\"og:image:height\" content=\"1111\" \/>\n\t<meta property=\"og:image:type\" content=\"image\/jpeg\" \/>\n<meta name=\"twitter:card\" content=\"summary_large_image\" \/>\n<script type=\"application\/ld+json\" class=\"yoast-schema-graph\">{\"@context\":\"https:\\\/\\\/schema.org\",\"@graph\":[{\"@type\":\"WebPage\",\"@id\":\"https:\\\/\\\/arriolafiol.com\\\/ca\\\/noticias\\\/conferencia-sobre-la-periferia-urbana-barcelona-paisatge-cubista\\\/\",\"url\":\"https:\\\/\\\/arriolafiol.com\\\/ca\\\/noticias\\\/conferencia-sobre-la-periferia-urbana-barcelona-paisatge-cubista\\\/\",\"name\":\"Confer\u00e8ncia sobre la perif\u00e8ria urbana: Barcelona, paisatge cubista - Arriola &amp; Fiol\",\"isPartOf\":{\"@id\":\"https:\\\/\\\/arriolafiol.com\\\/ca\\\/#website\"},\"primaryImageOfPage\":{\"@id\":\"https:\\\/\\\/arriolafiol.com\\\/ca\\\/noticias\\\/conferencia-sobre-la-periferia-urbana-barcelona-paisatge-cubista\\\/#primaryimage\"},\"image\":{\"@id\":\"https:\\\/\\\/arriolafiol.com\\\/ca\\\/noticias\\\/conferencia-sobre-la-periferia-urbana-barcelona-paisatge-cubista\\\/#primaryimage\"},\"thumbnailUrl\":\"https:\\\/\\\/arriolafiol.com\\\/wp-content\\\/uploads\\\/2025\\\/05\\\/MUHBA-Newsletter-dialeg-BP_bcnperiferia-1100x1111-2.jpg\",\"datePublished\":\"2025-05-27T10:13:31+00:00\",\"dateModified\":\"2025-10-07T12:17:15+00:00\",\"breadcrumb\":{\"@id\":\"https:\\\/\\\/arriolafiol.com\\\/ca\\\/noticias\\\/conferencia-sobre-la-periferia-urbana-barcelona-paisatge-cubista\\\/#breadcrumb\"},\"inLanguage\":\"ca\",\"potentialAction\":[{\"@type\":\"ReadAction\",\"target\":[\"https:\\\/\\\/arriolafiol.com\\\/ca\\\/noticias\\\/conferencia-sobre-la-periferia-urbana-barcelona-paisatge-cubista\\\/\"]}]},{\"@type\":\"ImageObject\",\"inLanguage\":\"ca\",\"@id\":\"https:\\\/\\\/arriolafiol.com\\\/ca\\\/noticias\\\/conferencia-sobre-la-periferia-urbana-barcelona-paisatge-cubista\\\/#primaryimage\",\"url\":\"https:\\\/\\\/arriolafiol.com\\\/wp-content\\\/uploads\\\/2025\\\/05\\\/MUHBA-Newsletter-dialeg-BP_bcnperiferia-1100x1111-2.jpg\",\"contentUrl\":\"https:\\\/\\\/arriolafiol.com\\\/wp-content\\\/uploads\\\/2025\\\/05\\\/MUHBA-Newsletter-dialeg-BP_bcnperiferia-1100x1111-2.jpg\",\"width\":1100,\"height\":1111},{\"@type\":\"BreadcrumbList\",\"@id\":\"https:\\\/\\\/arriolafiol.com\\\/ca\\\/noticias\\\/conferencia-sobre-la-periferia-urbana-barcelona-paisatge-cubista\\\/#breadcrumb\",\"itemListElement\":[{\"@type\":\"ListItem\",\"position\":1,\"name\":\"Home\",\"item\":\"https:\\\/\\\/arriolafiol.com\\\/ca\\\/inici\\\/\"},{\"@type\":\"ListItem\",\"position\":2,\"name\":\"Confer\u00e8ncia sobre la perif\u00e8ria urbana: Barcelona, paisatge cubista\"}]},{\"@type\":\"WebSite\",\"@id\":\"https:\\\/\\\/arriolafiol.com\\\/ca\\\/#website\",\"url\":\"https:\\\/\\\/arriolafiol.com\\\/ca\\\/\",\"name\":\"Arriola &amp; Fiol\",\"description\":\"\",\"potentialAction\":[{\"@type\":\"SearchAction\",\"target\":{\"@type\":\"EntryPoint\",\"urlTemplate\":\"https:\\\/\\\/arriolafiol.com\\\/ca\\\/?s={search_term_string}\"},\"query-input\":{\"@type\":\"PropertyValueSpecification\",\"valueRequired\":true,\"valueName\":\"search_term_string\"}}],\"inLanguage\":\"ca\"}]}<\/script>\n<!-- \/ Yoast SEO plugin. -->","yoast_head_json":{"title":"Confer\u00e8ncia sobre la perif\u00e8ria urbana: Barcelona, paisatge cubista - Arriola &amp; Fiol","robots":{"index":"index","follow":"follow","max-snippet":"max-snippet:-1","max-image-preview":"max-image-preview:large","max-video-preview":"max-video-preview:-1"},"canonical":"https:\/\/arriolafiol.com\/ca\/noticias\/conferencia-sobre-la-periferia-urbana-barcelona-paisatge-cubista\/","og_locale":"ca_ES","og_type":"article","og_title":"Confer\u00e8ncia sobre la perif\u00e8ria urbana: Barcelona, paisatge cubista - Arriola &amp; Fiol","og_description":"Carmen Fiol oferir\u00e0 una confer\u00e8ncia sobre el paisatge metropolit\u00e0 de Barcelona al Museu d&#8217;Hist\u00f2ria de Barcelona el 2 d&#8217;octubre.","og_url":"https:\/\/arriolafiol.com\/ca\/noticias\/conferencia-sobre-la-periferia-urbana-barcelona-paisatge-cubista\/","og_site_name":"Arriola &amp; Fiol","article_modified_time":"2025-10-07T12:17:15+00:00","og_image":[{"width":1100,"height":1111,"url":"https:\/\/arriolafiol.com\/wp-content\/uploads\/2025\/05\/MUHBA-Newsletter-dialeg-BP_bcnperiferia-1100x1111-2.jpg","type":"image\/jpeg"}],"twitter_card":"summary_large_image","schema":{"@context":"https:\/\/schema.org","@graph":[{"@type":"WebPage","@id":"https:\/\/arriolafiol.com\/ca\/noticias\/conferencia-sobre-la-periferia-urbana-barcelona-paisatge-cubista\/","url":"https:\/\/arriolafiol.com\/ca\/noticias\/conferencia-sobre-la-periferia-urbana-barcelona-paisatge-cubista\/","name":"Confer\u00e8ncia sobre la perif\u00e8ria urbana: Barcelona, paisatge cubista - Arriola &amp; Fiol","isPartOf":{"@id":"https:\/\/arriolafiol.com\/ca\/#website"},"primaryImageOfPage":{"@id":"https:\/\/arriolafiol.com\/ca\/noticias\/conferencia-sobre-la-periferia-urbana-barcelona-paisatge-cubista\/#primaryimage"},"image":{"@id":"https:\/\/arriolafiol.com\/ca\/noticias\/conferencia-sobre-la-periferia-urbana-barcelona-paisatge-cubista\/#primaryimage"},"thumbnailUrl":"https:\/\/arriolafiol.com\/wp-content\/uploads\/2025\/05\/MUHBA-Newsletter-dialeg-BP_bcnperiferia-1100x1111-2.jpg","datePublished":"2025-05-27T10:13:31+00:00","dateModified":"2025-10-07T12:17:15+00:00","breadcrumb":{"@id":"https:\/\/arriolafiol.com\/ca\/noticias\/conferencia-sobre-la-periferia-urbana-barcelona-paisatge-cubista\/#breadcrumb"},"inLanguage":"ca","potentialAction":[{"@type":"ReadAction","target":["https:\/\/arriolafiol.com\/ca\/noticias\/conferencia-sobre-la-periferia-urbana-barcelona-paisatge-cubista\/"]}]},{"@type":"ImageObject","inLanguage":"ca","@id":"https:\/\/arriolafiol.com\/ca\/noticias\/conferencia-sobre-la-periferia-urbana-barcelona-paisatge-cubista\/#primaryimage","url":"https:\/\/arriolafiol.com\/wp-content\/uploads\/2025\/05\/MUHBA-Newsletter-dialeg-BP_bcnperiferia-1100x1111-2.jpg","contentUrl":"https:\/\/arriolafiol.com\/wp-content\/uploads\/2025\/05\/MUHBA-Newsletter-dialeg-BP_bcnperiferia-1100x1111-2.jpg","width":1100,"height":1111},{"@type":"BreadcrumbList","@id":"https:\/\/arriolafiol.com\/ca\/noticias\/conferencia-sobre-la-periferia-urbana-barcelona-paisatge-cubista\/#breadcrumb","itemListElement":[{"@type":"ListItem","position":1,"name":"Home","item":"https:\/\/arriolafiol.com\/ca\/inici\/"},{"@type":"ListItem","position":2,"name":"Confer\u00e8ncia sobre la perif\u00e8ria urbana: Barcelona, paisatge cubista"}]},{"@type":"WebSite","@id":"https:\/\/arriolafiol.com\/ca\/#website","url":"https:\/\/arriolafiol.com\/ca\/","name":"Arriola &amp; Fiol","description":"","potentialAction":[{"@type":"SearchAction","target":{"@type":"EntryPoint","urlTemplate":"https:\/\/arriolafiol.com\/ca\/?s={search_term_string}"},"query-input":{"@type":"PropertyValueSpecification","valueRequired":true,"valueName":"search_term_string"}}],"inLanguage":"ca"}]}},"_links":{"self":[{"href":"https:\/\/arriolafiol.com\/ca\/wp-json\/wp\/v2\/noticias\/5296","targetHints":{"allow":["GET"]}}],"collection":[{"href":"https:\/\/arriolafiol.com\/ca\/wp-json\/wp\/v2\/noticias"}],"about":[{"href":"https:\/\/arriolafiol.com\/ca\/wp-json\/wp\/v2\/types\/noticias"}],"wp:featuredmedia":[{"embeddable":true,"href":"https:\/\/arriolafiol.com\/ca\/wp-json\/wp\/v2\/media\/4584"}],"wp:attachment":[{"href":"https:\/\/arriolafiol.com\/ca\/wp-json\/wp\/v2\/media?parent=5296"}],"wp:term":[{"taxonomy":"category","embeddable":true,"href":"https:\/\/arriolafiol.com\/ca\/wp-json\/wp\/v2\/categories?post=5296"}],"curies":[{"name":"wp","href":"https:\/\/api.w.org\/{rel}","templated":true}]}}